{"id":9079,"date":"2025-09-24T10:13:06","date_gmt":"2025-09-24T10:13:06","guid":{"rendered":"https:\/\/edgi.studio\/?p=9079"},"modified":"2025-10-14T13:43:06","modified_gmt":"2025-10-14T13:43:06","slug":"la-fabrique-621-lecosysteme-de-la-cosmetique-naturelle-biologique-et-ethique","status":"publish","type":"post","link":"https:\/\/edgi.studio\/fr\/la-fabrique-621-lecosysteme-de-la-cosmetique-naturelle-biologique-et-ethique\/","title":{"rendered":"La Fabrique 621"},"content":{"rendered":"\t\t<div data-elementor-type=\"wp-post\" data-elementor-id=\"9079\" class=\"elementor elementor-9079\" data-elementor-post-type=\"post\">\n\t\t\t\t<div class=\"elementor-element elementor-element-9eb0246 e-flex e-con-boxed e-con e-parent\" data-id=\"9eb0246\" data-element_type=\"container\">\n\t\t\t\t\t<div class=\"e-con-inner\">\n\t\t<div class=\"elementor-element elementor-element-2e04d05 e-con-full e-flex e-con e-child\" data-id=\"2e04d05\" data-element_type=\"container\">\n\t\t<div class=\"elementor-element elementor-element-414c0c4 e-con-full e-flex e-con e-child\" data-id=\"414c0c4\" data-element_type=\"container\">\n\t\t\t\t<div class=\"elementor-element elementor-element-9f1603e elementor-widget__width-initial elementor-widget elementor-widget-heading\" data-id=\"9f1603e\" data-element_type=\"widget\" data-widget_type=\"heading.default\">\n\t\t\t\t<div class=\"elementor-widget-container\">\n\t\t\t\t\t<h1 class=\"elementor-heading-title elementor-size-default\">La Fabrique 621, l\u2019\u00e9cosyst\u00e8me de la cosm\u00e9tique naturelle, biologique et \u00e9thique<\/h1>\t\t\t\t<\/div>\n\t\t\t\t<\/div>\n\t\t\t\t<div class=\"elementor-element elementor-element-ab266ee elementor-widget__width-initial elementor-widget elementor-widget-text-editor\" data-id=\"ab266ee\" data-element_type=\"widget\" data-widget_type=\"text-editor.default\">\n\t\t\t\t<div class=\"elementor-widget-container\">\n\t\t\t\t\t\t\t\t\t<div id=\"section-1\" class=\"section section-title-text bg-white mt-none mb-none\"><div class=\"container\"><div class=\"wrapper\"><div class=\"row\"><div class=\"col-12 col-md-6 ps-md-3 ps-lg-4\"><div class=\"wrapper-content\"><p>Les experts Bouygues Immobilier Patrimoine apportent \u00e0 leurs clients un savoir-faire sp\u00e9cifique au secteur immobilier.\u00a0<\/p><\/div><\/div><\/div><\/div><\/div><\/div>\t\t\t\t\t\t\t\t<\/div>\n\t\t\t\t<\/div>\n\t\t\t\t<\/div>\n\t\t\t\t<div class=\"elementor-element elementor-element-538512c elementor-widget__width-initial elementor-widget elementor-widget-image\" data-id=\"538512c\" data-element_type=\"widget\" data-widget_type=\"image.default\">\n\t\t\t\t<div class=\"elementor-widget-container\">\n\t\t\t\t\t\t\t\t\t\t\t\t\t\t\t<img fetchpriority=\"high\" decoding=\"async\" width=\"620\" height=\"400\" src=\"https:\/\/edgi.studio\/wp-content\/uploads\/typestop-lafabrique621-5.jpg\" class=\"attachment-full size-full wp-image-9092\" alt=\"\" \/>\t\t\t\t\t\t\t\t\t\t\t\t\t\t\t<\/div>\n\t\t\t\t<\/div>\n\t\t\t\t<\/div>\n\t\t<div class=\"elementor-element elementor-element-0763a2e e-con-full e-flex e-con e-child\" data-id=\"0763a2e\" data-element_type=\"container\">\n\t\t\t\t<div class=\"elementor-element elementor-element-2f99ec1 elementor-widget elementor-widget-image\" data-id=\"2f99ec1\" data-element_type=\"widget\" data-widget_type=\"image.default\">\n\t\t\t\t<div class=\"elementor-widget-container\">\n\t\t\t\t\t\t\t\t\t\t\t\t\t\t\t<img decoding=\"async\" src=\"https:\/\/edgi.studio\/wp-content\/uploads\/Capture-decran-2025-09-24-a-14.40.37.png\" title=\"Capture d\u2019e\u0301cran 2025-09-24 a\u0300 14.40.37\" alt=\"Capture d\u2019e\u0301cran 2025-09-24 a\u0300 14.40.37\" loading=\"lazy\" \/>\t\t\t\t\t\t\t\t\t\t\t\t\t\t\t<\/div>\n\t\t\t\t<\/div>\n\t\t\t\t<\/div>\n\t\t<div class=\"elementor-element elementor-element-5450b4b e-con-full e-flex e-con e-child\" data-id=\"5450b4b\" data-element_type=\"container\">\n\t\t<div class=\"elementor-element elementor-element-d152b94 e-con-full e-flex e-con e-child\" data-id=\"d152b94\" data-element_type=\"container\">\n\t\t\t\t<div class=\"elementor-element elementor-element-fa8ba2f elementor-widget elementor-widget-image\" data-id=\"fa8ba2f\" data-element_type=\"widget\" data-widget_type=\"image.default\">\n\t\t\t\t<div class=\"elementor-widget-container\">\n\t\t\t\t\t\t\t\t\t\t\t\t\t\t\t<img decoding=\"async\" src=\"https:\/\/edgi.studio\/wp-content\/uploads\/typestop-lafabrique621-10.jpg\" title=\"typestop-lafabrique621-10\" alt=\"typestop-lafabrique621-10\" loading=\"lazy\" \/>\t\t\t\t\t\t\t\t\t\t\t\t\t\t\t<\/div>\n\t\t\t\t<\/div>\n\t\t\t\t<div class=\"elementor-element elementor-element-e29fe99 elementor-widget elementor-widget-image\" data-id=\"e29fe99\" data-element_type=\"widget\" data-widget_type=\"image.default\">\n\t\t\t\t<div class=\"elementor-widget-container\">\n\t\t\t\t\t\t\t\t\t\t\t\t\t\t\t<img decoding=\"async\" src=\"https:\/\/edgi.studio\/wp-content\/uploads\/typestop-lafabrique621-11.jpg\" title=\"typestop-lafabrique621-11\" alt=\"typestop-lafabrique621-11\" loading=\"lazy\" \/>\t\t\t\t\t\t\t\t\t\t\t\t\t\t\t<\/div>\n\t\t\t\t<\/div>\n\t\t\t\t<\/div>\n\t\t<div class=\"elementor-element elementor-element-e84e27e e-con-full e-flex e-con e-child\" data-id=\"e84e27e\" data-element_type=\"container\" data-settings=\"{&quot;background_background&quot;:&quot;classic&quot;}\">\n\t\t\t\t<div class=\"elementor-element elementor-element-5cc400a elementor-widget elementor-widget-heading\" data-id=\"5cc400a\" data-element_type=\"widget\" data-widget_type=\"heading.default\">\n\t\t\t\t<div class=\"elementor-widget-container\">\n\t\t\t\t\t<h2 class=\"elementor-heading-title elementor-size-default\">Un design inspir\u00e9 du tableau p\u00e9riodique des \u00e9l\u00e9ments<\/h2>\t\t\t\t<\/div>\n\t\t\t\t<\/div>\n\t\t\t\t<\/div>\n\t\t\t\t<\/div>\n\t\t<div class=\"elementor-element elementor-element-5302ed5 e-con-full e-flex e-con e-child\" data-id=\"5302ed5\" data-element_type=\"container\">\n\t\t<div class=\"elementor-element elementor-element-a989c55 e-con-full e-flex e-con e-child\" data-id=\"a989c55\" data-element_type=\"container\">\n\t\t\t\t<div class=\"elementor-element elementor-element-6687086 elementor-widget elementor-widget-image\" data-id=\"6687086\" data-element_type=\"widget\" data-widget_type=\"image.default\">\n\t\t\t\t<div class=\"elementor-widget-container\">\n\t\t\t\t\t\t\t\t\t\t\t\t\t\t\t<img decoding=\"async\" src=\"https:\/\/edgi.studio\/wp-content\/uploads\/Capture-decran-2025-09-24-a-14.27.01.png\" title=\"Capture d\u2019e\u0301cran 2025-09-24 a\u0300 14.27.01\" alt=\"Capture d\u2019e\u0301cran 2025-09-24 a\u0300 14.27.01\" loading=\"lazy\" \/>\t\t\t\t\t\t\t\t\t\t\t\t\t\t\t<\/div>\n\t\t\t\t<\/div>\n\t\t\t\t<\/div>\n\t\t<div class=\"elementor-element elementor-element-d17b857 e-con-full e-flex e-con e-child\" data-id=\"d17b857\" data-element_type=\"container\" data-settings=\"{&quot;background_background&quot;:&quot;classic&quot;}\">\n\t\t\t\t<div class=\"elementor-element elementor-element-94a070f elementor-widget elementor-widget-heading\" data-id=\"94a070f\" data-element_type=\"widget\" data-widget_type=\"heading.default\">\n\t\t\t\t<div class=\"elementor-widget-container\">\n\t\t\t\t\t<h2 class=\"elementor-heading-title elementor-size-default\">Expectations<\/h2>\t\t\t\t<\/div>\n\t\t\t\t<\/div>\n\t\t\t\t<div class=\"elementor-element elementor-element-7b2f9e4 elementor-widget elementor-widget-text-editor\" data-id=\"7b2f9e4\" data-element_type=\"widget\" data-widget_type=\"text-editor.default\">\n\t\t\t\t<div class=\"elementor-widget-container\">\n\t\t\t\t\t\t\t\t\t<p>La Fabrique 621, un \u00e9cosyst\u00e8me enti\u00e8rement d\u00e9di\u00e9 au d\u00e9veloppement de la cosm\u00e9tique naturelle. Pour la cr\u00e9ation de ce nouvel incubateur parisien soutenu par la r\u00e9gion \u00cele-de-France, types top\u00ae a con\u00e7u en collaboration avec les fondateurs de La Fabrique 621 la strat\u00e9gie et le design global de la marque.\u00a0<\/p><p>Un logotype et un univers de marque inspir\u00e9s des codes graphiques de la chimie, notamment du tableau p\u00e9riodique des \u00e9l\u00e9ments, et de ceux de la cosm\u00e9tique bio et \u00e9thique pour les couleurs de marque ainsi que l\u2019iconographie.<\/p>\t\t\t\t\t\t\t\t<\/div>\n\t\t\t\t<\/div>\n\t\t\t\t<\/div>\n\t\t\t\t<\/div>\n\t\t\t\t\t<\/div>\n\t\t\t\t<\/div>\n\t\t\t\t<\/div>\n\t\t","protected":false},"excerpt":{"rendered":"<p>Un \u00e9cosyst\u00e8me enti\u00e8rement d\u00e9di\u00e9 au d\u00e9veloppement de la cosm\u00e9tique naturelle.<\/p>\n","protected":false},"author":4,"featured_media":9080,"comment_status":"closed","ping_status":"closed","sticky":false,"template":"","format":"standard","meta":{"_acf_changed":false,"footnotes":""},"categories":[113,114],"tags":[23,118],"univers":[128,137],"class_list":["post-9079","post","type-post","status-publish","format-standard","has-post-thumbnail","hentry","category-branding","category-digital","tag-digital","tag-branding","univers-sante","univers-beaute"],"acf":[],"yoast_head":"<!-- This site is optimized with the Yoast SEO plugin v26.5 - https:\/\/yoast.com\/wordpress\/plugins\/seo\/ -->\n<title>La Fabrique 621, l\u2019\u00e9cosyst\u00e8me de la cosm\u00e9tique naturelle, bio et \u00e9thique<\/title>\n<meta name=\"description\" content=\"Un laboratoire d\u2019innovation et un incubateur m\u00e9tier pour cr\u00e9er une gamme de cosm\u00e9tique naturelle qui allie innovation et \u00e9thique\" \/>\n<meta name=\"robots\" content=\"noindex, follow, max-snippet:-1, max-image-preview:large, max-video-preview:-1\" \/>\n<meta property=\"og:locale\" content=\"fr_FR\" \/>\n<meta property=\"og:type\" content=\"article\" \/>\n<meta property=\"og:title\" content=\"La Fabrique 621, l\u2019\u00e9cosyst\u00e8me de la cosm\u00e9tique naturelle, bio et \u00e9thique\" \/>\n<meta property=\"og:description\" content=\"Un laboratoire d\u2019innovation et un incubateur m\u00e9tier pour cr\u00e9er une gamme de cosm\u00e9tique naturelle qui allie innovation et \u00e9thique\" \/>\n<meta property=\"og:url\" content=\"https:\/\/edgi.studio\/fr\/la-fabrique-621-lecosysteme-de-la-cosmetique-naturelle-biologique-et-ethique\/\" \/>\n<meta property=\"og:site_name\" content=\"edgi\" \/>\n<meta property=\"article:publisher\" content=\"https:\/\/www.facebook.com\/ExhibitGroup.fr\/\" \/>\n<meta property=\"article:published_time\" content=\"2025-09-24T10:13:06+00:00\" \/>\n<meta property=\"article:modified_time\" content=\"2025-10-14T13:43:06+00:00\" \/>\n<meta property=\"og:image\" content=\"https:\/\/edgi.studio\/wp-content\/uploads\/types-top-fab621.jpg\" \/>\n\t<meta property=\"og:image:width\" content=\"1916\" \/>\n\t<meta property=\"og:image:height\" content=\"1155\" \/>\n\t<meta property=\"og:image:type\" content=\"image\/jpeg\" \/>\n<meta name=\"author\" content=\"Samy B.\" \/>\n<meta name=\"twitter:card\" content=\"summary_large_image\" \/>\n<meta name=\"twitter:label1\" content=\"\u00c9crit par\" \/>\n\t<meta name=\"twitter:data1\" content=\"Samy B.\" \/>\n\t<meta name=\"twitter:label2\" content=\"Dur\u00e9e de lecture estim\u00e9e\" \/>\n\t<meta name=\"twitter:data2\" content=\"2 minutes\" \/>\n<script type=\"application\/ld+json\" class=\"yoast-schema-graph\">{\"@context\":\"https:\/\/schema.org\",\"@graph\":[{\"@type\":\"Article\",\"@id\":\"https:\/\/edgi.studio\/la-fabrique-621-lecosysteme-de-la-cosmetique-naturelle-biologique-et-ethique\/#article\",\"isPartOf\":{\"@id\":\"https:\/\/edgi.studio\/la-fabrique-621-lecosysteme-de-la-cosmetique-naturelle-biologique-et-ethique\/\"},\"author\":{\"name\":\"Samy B.\",\"@id\":\"https:\/\/edgi.studio\/#\/schema\/person\/1beface5005557d5e1f46d86957070d4\"},\"headline\":\"La Fabrique 621\",\"datePublished\":\"2025-09-24T10:13:06+00:00\",\"dateModified\":\"2025-10-14T13:43:06+00:00\",\"mainEntityOfPage\":{\"@id\":\"https:\/\/edgi.studio\/la-fabrique-621-lecosysteme-de-la-cosmetique-naturelle-biologique-et-ethique\/\"},\"wordCount\":138,\"publisher\":{\"@id\":\"https:\/\/edgi.studio\/#organization\"},\"image\":{\"@id\":\"https:\/\/edgi.studio\/la-fabrique-621-lecosysteme-de-la-cosmetique-naturelle-biologique-et-ethique\/#primaryimage\"},\"thumbnailUrl\":\"https:\/\/edgi.studio\/wp-content\/uploads\/types-top-fab621.jpg\",\"keywords\":[\"Digital\",\"branding\"],\"articleSection\":[\"branding\",\"digital\"],\"inLanguage\":\"fr-FR\"},{\"@type\":\"WebPage\",\"@id\":\"https:\/\/edgi.studio\/la-fabrique-621-lecosysteme-de-la-cosmetique-naturelle-biologique-et-ethique\/\",\"url\":\"https:\/\/edgi.studio\/la-fabrique-621-lecosysteme-de-la-cosmetique-naturelle-biologique-et-ethique\/\",\"name\":\"La Fabrique 621, l\u2019\u00e9cosyst\u00e8me de la cosm\u00e9tique naturelle, bio et \u00e9thique\",\"isPartOf\":{\"@id\":\"https:\/\/edgi.studio\/#website\"},\"primaryImageOfPage\":{\"@id\":\"https:\/\/edgi.studio\/la-fabrique-621-lecosysteme-de-la-cosmetique-naturelle-biologique-et-ethique\/#primaryimage\"},\"image\":{\"@id\":\"https:\/\/edgi.studio\/la-fabrique-621-lecosysteme-de-la-cosmetique-naturelle-biologique-et-ethique\/#primaryimage\"},\"thumbnailUrl\":\"https:\/\/edgi.studio\/wp-content\/uploads\/types-top-fab621.jpg\",\"datePublished\":\"2025-09-24T10:13:06+00:00\",\"dateModified\":\"2025-10-14T13:43:06+00:00\",\"description\":\"Un laboratoire d\u2019innovation et un incubateur m\u00e9tier pour cr\u00e9er une gamme de cosm\u00e9tique naturelle qui allie innovation et \u00e9thique\",\"breadcrumb\":{\"@id\":\"https:\/\/edgi.studio\/la-fabrique-621-lecosysteme-de-la-cosmetique-naturelle-biologique-et-ethique\/#breadcrumb\"},\"inLanguage\":\"fr-FR\",\"potentialAction\":[{\"@type\":\"ReadAction\",\"target\":[\"https:\/\/edgi.studio\/la-fabrique-621-lecosysteme-de-la-cosmetique-naturelle-biologique-et-ethique\/\"]}]},{\"@type\":\"ImageObject\",\"inLanguage\":\"fr-FR\",\"@id\":\"https:\/\/edgi.studio\/la-fabrique-621-lecosysteme-de-la-cosmetique-naturelle-biologique-et-ethique\/#primaryimage\",\"url\":\"https:\/\/edgi.studio\/wp-content\/uploads\/types-top-fab621.jpg\",\"contentUrl\":\"https:\/\/edgi.studio\/wp-content\/uploads\/types-top-fab621.jpg\",\"width\":1916,\"height\":1155},{\"@type\":\"BreadcrumbList\",\"@id\":\"https:\/\/edgi.studio\/la-fabrique-621-lecosysteme-de-la-cosmetique-naturelle-biologique-et-ethique\/#breadcrumb\",\"itemListElement\":[{\"@type\":\"ListItem\",\"position\":1,\"name\":\"Home\",\"item\":\"https:\/\/edgi.studio\/\"},{\"@type\":\"ListItem\",\"position\":2,\"name\":\"La Fabrique 621\"}]},{\"@type\":\"WebSite\",\"@id\":\"https:\/\/edgi.studio\/#website\",\"url\":\"https:\/\/edgi.studio\/\",\"name\":\"EG Print\",\"description\":\"\",\"publisher\":{\"@id\":\"https:\/\/edgi.studio\/#organization\"},\"potentialAction\":[{\"@type\":\"SearchAction\",\"target\":{\"@type\":\"EntryPoint\",\"urlTemplate\":\"https:\/\/edgi.studio\/?s={search_term_string}\"},\"query-input\":{\"@type\":\"PropertyValueSpecification\",\"valueRequired\":true,\"valueName\":\"search_term_string\"}}],\"inLanguage\":\"fr-FR\"},{\"@type\":\"Organization\",\"@id\":\"https:\/\/edgi.studio\/#organization\",\"name\":\"Exhibit Group\",\"url\":\"https:\/\/edgi.studio\/\",\"logo\":{\"@type\":\"ImageObject\",\"inLanguage\":\"fr-FR\",\"@id\":\"https:\/\/edgi.studio\/#\/schema\/logo\/image\/\",\"url\":\"https:\/\/edgi.studio\/wp-content\/uploads\/EXHIBIT_GROUP_LOGOTYPE_RVB-scaled.jpg\",\"contentUrl\":\"https:\/\/edgi.studio\/wp-content\/uploads\/EXHIBIT_GROUP_LOGOTYPE_RVB-scaled.jpg\",\"width\":2560,\"height\":728,\"caption\":\"Exhibit Group\"},\"image\":{\"@id\":\"https:\/\/edgi.studio\/#\/schema\/logo\/image\/\"},\"sameAs\":[\"https:\/\/www.facebook.com\/ExhibitGroup.fr\/\",\"https:\/\/www.instagram.com\/exhibitgroup\/\",\"https:\/\/fr.linkedin.com\/company\/exhibit-group_2\"]},{\"@type\":\"Person\",\"@id\":\"https:\/\/edgi.studio\/#\/schema\/person\/1beface5005557d5e1f46d86957070d4\",\"name\":\"Samy B.\",\"image\":{\"@type\":\"ImageObject\",\"inLanguage\":\"fr-FR\",\"@id\":\"https:\/\/edgi.studio\/#\/schema\/person\/image\/\",\"url\":\"https:\/\/secure.gravatar.com\/avatar\/828b24e2a04f9fa68a8799eb2d7e65664ea0fa4ac0ee857a4457d0c25b439cbc?s=96&d=mm&r=g\",\"contentUrl\":\"https:\/\/secure.gravatar.com\/avatar\/828b24e2a04f9fa68a8799eb2d7e65664ea0fa4ac0ee857a4457d0c25b439cbc?s=96&d=mm&r=g\",\"caption\":\"Samy B.\"},\"url\":\"https:\/\/edgi.studio\/fr\/author\/samy\/\"}]}<\/script>\n<!-- \/ Yoast SEO plugin. -->","yoast_head_json":{"title":"La Fabrique 621, l\u2019\u00e9cosyst\u00e8me de la cosm\u00e9tique naturelle, bio et \u00e9thique","description":"Un laboratoire d\u2019innovation et un incubateur m\u00e9tier pour cr\u00e9er une gamme de cosm\u00e9tique naturelle qui allie innovation et \u00e9thique","robots":{"index":"noindex","follow":"follow","max-snippet":"max-snippet:-1","max-image-preview":"max-image-preview:large","max-video-preview":"max-video-preview:-1"},"og_locale":"fr_FR","og_type":"article","og_title":"La Fabrique 621, l\u2019\u00e9cosyst\u00e8me de la cosm\u00e9tique naturelle, bio et \u00e9thique","og_description":"Un laboratoire d\u2019innovation et un incubateur m\u00e9tier pour cr\u00e9er une gamme de cosm\u00e9tique naturelle qui allie innovation et \u00e9thique","og_url":"https:\/\/edgi.studio\/fr\/la-fabrique-621-lecosysteme-de-la-cosmetique-naturelle-biologique-et-ethique\/","og_site_name":"edgi","article_publisher":"https:\/\/www.facebook.com\/ExhibitGroup.fr\/","article_published_time":"2025-09-24T10:13:06+00:00","article_modified_time":"2025-10-14T13:43:06+00:00","og_image":[{"width":1916,"height":1155,"url":"https:\/\/edgi.studio\/wp-content\/uploads\/types-top-fab621.jpg","type":"image\/jpeg"}],"author":"Samy B.","twitter_card":"summary_large_image","twitter_misc":{"\u00c9crit par":"Samy B.","Dur\u00e9e de lecture estim\u00e9e":"2 minutes"},"schema":{"@context":"https:\/\/schema.org","@graph":[{"@type":"Article","@id":"https:\/\/edgi.studio\/la-fabrique-621-lecosysteme-de-la-cosmetique-naturelle-biologique-et-ethique\/#article","isPartOf":{"@id":"https:\/\/edgi.studio\/la-fabrique-621-lecosysteme-de-la-cosmetique-naturelle-biologique-et-ethique\/"},"author":{"name":"Samy B.","@id":"https:\/\/edgi.studio\/#\/schema\/person\/1beface5005557d5e1f46d86957070d4"},"headline":"La Fabrique 621","datePublished":"2025-09-24T10:13:06+00:00","dateModified":"2025-10-14T13:43:06+00:00","mainEntityOfPage":{"@id":"https:\/\/edgi.studio\/la-fabrique-621-lecosysteme-de-la-cosmetique-naturelle-biologique-et-ethique\/"},"wordCount":138,"publisher":{"@id":"https:\/\/edgi.studio\/#organization"},"image":{"@id":"https:\/\/edgi.studio\/la-fabrique-621-lecosysteme-de-la-cosmetique-naturelle-biologique-et-ethique\/#primaryimage"},"thumbnailUrl":"https:\/\/edgi.studio\/wp-content\/uploads\/types-top-fab621.jpg","keywords":["Digital","branding"],"articleSection":["branding","digital"],"inLanguage":"fr-FR"},{"@type":"WebPage","@id":"https:\/\/edgi.studio\/la-fabrique-621-lecosysteme-de-la-cosmetique-naturelle-biologique-et-ethique\/","url":"https:\/\/edgi.studio\/la-fabrique-621-lecosysteme-de-la-cosmetique-naturelle-biologique-et-ethique\/","name":"La Fabrique 621, l\u2019\u00e9cosyst\u00e8me de la cosm\u00e9tique naturelle, bio et \u00e9thique","isPartOf":{"@id":"https:\/\/edgi.studio\/#website"},"primaryImageOfPage":{"@id":"https:\/\/edgi.studio\/la-fabrique-621-lecosysteme-de-la-cosmetique-naturelle-biologique-et-ethique\/#primaryimage"},"image":{"@id":"https:\/\/edgi.studio\/la-fabrique-621-lecosysteme-de-la-cosmetique-naturelle-biologique-et-ethique\/#primaryimage"},"thumbnailUrl":"https:\/\/edgi.studio\/wp-content\/uploads\/types-top-fab621.jpg","datePublished":"2025-09-24T10:13:06+00:00","dateModified":"2025-10-14T13:43:06+00:00","description":"Un laboratoire d\u2019innovation et un incubateur m\u00e9tier pour cr\u00e9er une gamme de cosm\u00e9tique naturelle qui allie innovation et \u00e9thique","breadcrumb":{"@id":"https:\/\/edgi.studio\/la-fabrique-621-lecosysteme-de-la-cosmetique-naturelle-biologique-et-ethique\/#breadcrumb"},"inLanguage":"fr-FR","potentialAction":[{"@type":"ReadAction","target":["https:\/\/edgi.studio\/la-fabrique-621-lecosysteme-de-la-cosmetique-naturelle-biologique-et-ethique\/"]}]},{"@type":"ImageObject","inLanguage":"fr-FR","@id":"https:\/\/edgi.studio\/la-fabrique-621-lecosysteme-de-la-cosmetique-naturelle-biologique-et-ethique\/#primaryimage","url":"https:\/\/edgi.studio\/wp-content\/uploads\/types-top-fab621.jpg","contentUrl":"https:\/\/edgi.studio\/wp-content\/uploads\/types-top-fab621.jpg","width":1916,"height":1155},{"@type":"BreadcrumbList","@id":"https:\/\/edgi.studio\/la-fabrique-621-lecosysteme-de-la-cosmetique-naturelle-biologique-et-ethique\/#breadcrumb","itemListElement":[{"@type":"ListItem","position":1,"name":"Home","item":"https:\/\/edgi.studio\/"},{"@type":"ListItem","position":2,"name":"La Fabrique 621"}]},{"@type":"WebSite","@id":"https:\/\/edgi.studio\/#website","url":"https:\/\/edgi.studio\/","name":"EG Print","description":"","publisher":{"@id":"https:\/\/edgi.studio\/#organization"},"potentialAction":[{"@type":"SearchAction","target":{"@type":"EntryPoint","urlTemplate":"https:\/\/edgi.studio\/?s={search_term_string}"},"query-input":{"@type":"PropertyValueSpecification","valueRequired":true,"valueName":"search_term_string"}}],"inLanguage":"fr-FR"},{"@type":"Organization","@id":"https:\/\/edgi.studio\/#organization","name":"Exhibit Group","url":"https:\/\/edgi.studio\/","logo":{"@type":"ImageObject","inLanguage":"fr-FR","@id":"https:\/\/edgi.studio\/#\/schema\/logo\/image\/","url":"https:\/\/edgi.studio\/wp-content\/uploads\/EXHIBIT_GROUP_LOGOTYPE_RVB-scaled.jpg","contentUrl":"https:\/\/edgi.studio\/wp-content\/uploads\/EXHIBIT_GROUP_LOGOTYPE_RVB-scaled.jpg","width":2560,"height":728,"caption":"Exhibit Group"},"image":{"@id":"https:\/\/edgi.studio\/#\/schema\/logo\/image\/"},"sameAs":["https:\/\/www.facebook.com\/ExhibitGroup.fr\/","https:\/\/www.instagram.com\/exhibitgroup\/","https:\/\/fr.linkedin.com\/company\/exhibit-group_2"]},{"@type":"Person","@id":"https:\/\/edgi.studio\/#\/schema\/person\/1beface5005557d5e1f46d86957070d4","name":"Samy B.","image":{"@type":"ImageObject","inLanguage":"fr-FR","@id":"https:\/\/edgi.studio\/#\/schema\/person\/image\/","url":"https:\/\/secure.gravatar.com\/avatar\/828b24e2a04f9fa68a8799eb2d7e65664ea0fa4ac0ee857a4457d0c25b439cbc?s=96&d=mm&r=g","contentUrl":"https:\/\/secure.gravatar.com\/avatar\/828b24e2a04f9fa68a8799eb2d7e65664ea0fa4ac0ee857a4457d0c25b439cbc?s=96&d=mm&r=g","caption":"Samy B."},"url":"https:\/\/edgi.studio\/fr\/author\/samy\/"}]}},"_links":{"self":[{"href":"https:\/\/edgi.studio\/fr\/wp-json\/wp\/v2\/posts\/9079","targetHints":{"allow":["GET"]}}],"collection":[{"href":"https:\/\/edgi.studio\/fr\/wp-json\/wp\/v2\/posts"}],"about":[{"href":"https:\/\/edgi.studio\/fr\/wp-json\/wp\/v2\/types\/post"}],"author":[{"embeddable":true,"href":"https:\/\/edgi.studio\/fr\/wp-json\/wp\/v2\/users\/4"}],"replies":[{"embeddable":true,"href":"https:\/\/edgi.studio\/fr\/wp-json\/wp\/v2\/comments?post=9079"}],"version-history":[{"count":0,"href":"https:\/\/edgi.studio\/fr\/wp-json\/wp\/v2\/posts\/9079\/revisions"}],"wp:featuredmedia":[{"embeddable":true,"href":"https:\/\/edgi.studio\/fr\/wp-json\/wp\/v2\/media\/9080"}],"wp:attachment":[{"href":"https:\/\/edgi.studio\/fr\/wp-json\/wp\/v2\/media?parent=9079"}],"wp:term":[{"taxonomy":"category","embeddable":true,"href":"https:\/\/edgi.studio\/fr\/wp-json\/wp\/v2\/categories?post=9079"},{"taxonomy":"post_tag","embeddable":true,"href":"https:\/\/edgi.studio\/fr\/wp-json\/wp\/v2\/tags?post=9079"},{"taxonomy":"univers","embeddable":true,"href":"https:\/\/edgi.studio\/fr\/wp-json\/wp\/v2\/univers?post=9079"}],"curies":[{"name":"wp","href":"https:\/\/api.w.org\/{rel}","templated":true}]}}